{"id":1680,"date":"2023-09-18T21:09:24","date_gmt":"2023-09-18T19:09:24","guid":{"rendered":"http:\/\/elcagette-roubaix.org\/?p=1680"},"modified":"2023-09-19T06:49:17","modified_gmt":"2023-09-19T04:49:17","slug":"achat-de-lecole-charles-de-foucauld-il-fallait-420-000-e-lundi-18-septembre-ensemble-nous-avons-atteint-cet-objectif","status":"publish","type":"post","link":"https:\/\/elcagette-roubaix.org\/?p=1680","title":{"rendered":"Achat de l&rsquo;\u00e9cole Charles de Foucauld : il fallait 420 000 \u20ac, lundi 18 septembre, ensemble, nous avons atteint cet objectif !!!"},"content":{"rendered":"<p>Oui, <span style=\"color: #ff6600;\"><strong>420 000 \u20ac d\u2019intention de participer au financement citoyen par un pr\u00eat ou un don, voire les deux\u00a0!<\/strong><\/span><\/p>\n<p>420 000 \u20ac gr\u00e2ce \u00e0 la participation de <span style=\"color: #ff6600;\"><strong>158 pr\u00eateurs ou donateurs dont 31 sympathisants.<\/strong><\/span><\/p>\n<p>Pr\u00eats\u00a0: 393 910 \u20ac\u00a0<img loading=\"lazy\" decoding=\"async\" class=\"size-medium wp-image-1685 alignleft\" src=\"https:\/\/elcagette-roubaix.org\/wp-content\/uploads\/2023\/09\/Photo-\u00e9cole-2-300x135.jpg\" alt=\"\" width=\"300\" height=\"135\" srcset=\"https:\/\/elcagette-roubaix.org\/wp-content\/uploads\/2023\/09\/Photo-\u00e9cole-2-300x135.jpg 300w, https:\/\/elcagette-roubaix.org\/wp-content\/uploads\/2023\/09\/Photo-\u00e9cole-2-768x345.jpg 768w, https:\/\/elcagette-roubaix.org\/wp-content\/uploads\/2023\/09\/Photo-\u00e9cole-2-1024x461.jpg 1024w, https:\/\/elcagette-roubaix.org\/wp-content\/uploads\/2023\/09\/Photo-\u00e9cole-2-600x270.jpg 600w, https:\/\/elcagette-roubaix.org\/wp-content\/uploads\/2023\/09\/Photo-\u00e9cole-2.jpg 2048w\" sizes=\"auto, (max-width: 300px) 100vw, 300px\" \/><\/p>\n<p>Dons\u00a0: 26 090 \u20ac<\/p>\n<p><span style=\"color: #ff6600;\"><strong>El Cagette \u00e9conomise 146 485 \u20ac<\/strong><\/span> d\u2019int\u00e9r\u00eats bancaires\u00a0!!!<span style=\"color: #ff6600;\"><img loading=\"lazy\" decoding=\"async\" class=\"size-medium wp-image-1684 alignright\" src=\"https:\/\/elcagette-roubaix.org\/wp-content\/uploads\/2023\/09\/Plan-projet-\u00e9cole-300x209.jpg\" alt=\"\" width=\"300\" height=\"209\" srcset=\"https:\/\/elcagette-roubaix.org\/wp-content\/uploads\/2023\/09\/Plan-projet-\u00e9cole-300x209.jpg 300w, https:\/\/elcagette-roubaix.org\/wp-content\/uploads\/2023\/09\/Plan-projet-\u00e9cole-768x536.jpg 768w, https:\/\/elcagette-roubaix.org\/wp-content\/uploads\/2023\/09\/Plan-projet-\u00e9cole-600x419.jpg 600w, https:\/\/elcagette-roubaix.org\/wp-content\/uploads\/2023\/09\/Plan-projet-\u00e9cole.jpg 903w\" sizes=\"auto, (max-width: 300px) 100vw, 300px\" \/><\/span><\/p>\n<p>D\u00e8s la signature de l\u2019acte, El Cagette sera <strong><span style=\"color: #ff6600;\">pleinement propri\u00e9taire de ses locaux<\/span>, <\/strong>gr\u00e2ce aussi au fonds de dotation <span style=\"color: #ff6600;\"><strong>Fontaine<\/strong><\/span> et au don de la soci\u00e9t\u00e9 <strong><span style=\"color: #ff6600;\">API<\/span>.<\/strong><\/p>\n<p>Vous souhaitez <span style=\"color: #ff6600;\"><strong>r\u00e9agir<\/strong><\/span> \u00e0 cette bonne nouvelle\u00a0? N&rsquo;h\u00e9sitez pas \u00e0 laisser un <span style=\"color: #ff6600;\"><strong>commentaire<\/strong><\/span> !<\/p>\n<p>El Cagette, <span style=\"color: #ff6600;\"><strong>plus que jamais<\/strong><\/span>, ensemble, on continue !<\/p>\n<p><span style=\"color: #ff6600;\"><strong>Merci et bravo<\/strong> <\/span>\u00e0 nous tous pour cette nouvelle \u00e9tape !<\/p>\n","protected":false},"excerpt":{"rendered":"<p>Oui, 420 000 \u20ac d\u2019intention de participer au financement citoyen par un pr\u00eat ou un don, voire les deux\u00a0! 420 000 \u20ac gr\u00e2ce \u00e0 la participation de 158 pr\u00eateurs ou&hellip;<\/p>\n","protected":false},"author":13,"featured_media":1686,"comment_status":"open","ping_status":"open","sticky":false,"template":"","format":"standard","meta":{"footnotes":""},"categories":[8],"tags":[],"class_list":["post-1680","post","type-post","status-publish","format-standard","has-post-thumbnail","hentry","category-actualites"],"_links":{"self":[{"href":"https:\/\/elcagette-roubaix.org\/index.php?rest_route=\/wp\/v2\/posts\/1680","targetHints":{"allow":["GET"]}}],"collection":[{"href":"https:\/\/elcagette-roubaix.org\/index.php?rest_route=\/wp\/v2\/posts"}],"about":[{"href":"https:\/\/elcagette-roubaix.org\/index.php?rest_route=\/wp\/v2\/types\/post"}],"author":[{"embeddable":true,"href":"https:\/\/elcagette-roubaix.org\/index.php?rest_route=\/wp\/v2\/users\/13"}],"replies":[{"embeddable":true,"href":"https:\/\/elcagette-roubaix.org\/index.php?rest_route=%2Fwp%2Fv2%2Fcomments&post=1680"}],"version-history":[{"count":3,"href":"https:\/\/elcagette-roubaix.org\/index.php?rest_route=\/wp\/v2\/posts\/1680\/revisions"}],"predecessor-version":[{"id":1687,"href":"https:\/\/elcagette-roubaix.org\/index.php?rest_route=\/wp\/v2\/posts\/1680\/revisions\/1687"}],"wp:featuredmedia":[{"embeddable":true,"href":"https:\/\/elcagette-roubaix.org\/index.php?rest_route=\/wp\/v2\/media\/1686"}],"wp:attachment":[{"href":"https:\/\/elcagette-roubaix.org\/index.php?rest_route=%2Fwp%2Fv2%2Fmedia&parent=1680"}],"wp:term":[{"taxonomy":"category","embeddable":true,"href":"https:\/\/elcagette-roubaix.org\/index.php?rest_route=%2Fwp%2Fv2%2Fcategories&post=1680"},{"taxonomy":"post_tag","embeddable":true,"href":"https:\/\/elcagette-roubaix.org\/index.php?rest_route=%2Fwp%2Fv2%2Ftags&post=1680"}],"curies":[{"name":"wp","href":"https:\/\/api.w.org\/{rel}","templated":true}]}}